{"id":1102285,"__str__":"Parecer - RELAT\u00d3RIO DAS CONTAS DO MUNIC\u00cdPIO 2017 de 03/12/2019 por TRIBUNAL DE CONTAS DO ESTADO DE S\u00c3O PAULO","link_detail_backend":"/materia/documentoacessorio/1102285","metadata":{},"nome":"RELAT\u00d3RIO DAS CONTAS DO MUNIC\u00cdPIO 2017","data":"2019-12-03","autor":"TRIBUNAL DE CONTAS DO ESTADO DE S\u00c3O PAULO","ementa":"RELAT\u00d3RIO DAS CONTAS DO MUNIC\u00cdPIO 2017","indexacao":"","arquivo":"http://sapl.fernao.sp.leg.br/media/sapl/public/documentoacessorio/2019/1102285/arquivo2406312relatorio_contas_2017.pdf","data_ultima_atualizacao":"2020-02-27T17:31:35.149547-03:00","materia":901179,"tipo":25}