{"id":1102287,"__str__":"Parecer - GEST\u00c3O DO PSF DO MUNICIPIO 2017 de 03/12/2019 por TRIBUNAL DE CONTAS DO ESTADO DE S\u00c3O PAULO","link_detail_backend":"/materia/documentoacessorio/1102287","metadata":{},"nome":"GEST\u00c3O DO PSF DO MUNICIPIO 2017","data":"2019-12-03","autor":"TRIBUNAL DE CONTAS DO ESTADO DE S\u00c3O PAULO","ementa":"GEST\u00c3O DO PSF DO MUNIC\u00cdPIO 2017","indexacao":"","arquivo":"http://sapl.fernao.sp.leg.br/media/sapl/public/documentoacessorio/2019/1102287/arquivo1260253_gestao_do_psf.pdf","data_ultima_atualizacao":"2020-02-27T17:31:01.336659-03:00","materia":901179,"tipo":25}