{"id":1563,"__str__":"Projeto de Lei do Executivo n\u00ba 5 de 2019","link_detail_backend":"/materia/1563","metadata":{},"numero":5,"ano":2019,"numero_protocolo":5,"data_apresentacao":"2019-01-18","tipo_apresentacao":"E","data_publicacao":null,"numero_origem_externa":"","ano_origem_externa":null,"data_origem_externa":null,"apelido":"","dias_prazo":null,"data_fim_prazo":null,"em_tramitacao":false,"polemica":false,"objeto":"","complementar":false,"ementa":"DISP\u00d5E SOBRE A ABERTURA DE CR\u00c9DITO ADICIONAL ESPECIAL  AO OR\u00c7AMENTO DE 2019, E D\u00c1 OUTRAS PROVID\u00caNCIAS. ( CONSTRU\u00c7\u00c3O DA CRECHE )","indexacao":"","observacao":"","resultado":"","texto_original":"http://sapl.fernao.sp.leg.br/media/sapl/public/materialegislativa/2019/1563/0005-2019.pdf","data_ultima_atualizacao":null,"ip":"","ultima_edicao":null,"tipo":37,"regime_tramitacao":1,"tipo_origem_externa":null,"local_origem_externa":2,"user":null,"anexadas":[900148],"autores":[]}