{"id":901301,"__str__":"Mo\u00e7\u00f5es n\u00ba 1 de 2020","link_detail_backend":"/materia/901301","metadata":{},"numero":1,"ano":2020,"numero_protocolo":55,"data_apresentacao":"2020-05-04","tipo_apresentacao":"E","data_publicacao":null,"numero_origem_externa":"","ano_origem_externa":null,"data_origem_externa":null,"apelido":"","dias_prazo":null,"data_fim_prazo":null,"em_tramitacao":false,"polemica":null,"objeto":"","complementar":null,"ementa":"MO\u00c7\u00c3O N\u00ba 001-2020 - APLAUSOS AOS PROFESSORES DA REDE MUNICIPAL DE FERN\u00c3O, PELO \u00d3TIMO DESEMPENHO NAS A\u00c7\u00d5ES DE PREVEN\u00c7\u00c3O \u00c0 PROPAGA\u00c7\u00c3O DO CORONAV\u00cdRUS , VIRTUDE DAS AULAS PRESENCIAIS ESTAREM SUSPENSAS SEM DATA PREVISTA PARA A VOLTA.","indexacao":"","observacao":"","resultado":"","texto_original":"http://sapl.fernao.sp.leg.br/media/sapl/public/materialegislativa/2020/901301/mocao_001-2020.pdf","data_ultima_atualizacao":"2020-06-16T13:57:22.530521-03:00","ip":"186.224.7.67","ultima_edicao":"2020-05-06T10:05:09.535568-03:00","tipo":20,"regime_tramitacao":1,"tipo_origem_externa":null,"local_origem_externa":null,"user":42,"anexadas":[],"autores":[1096]}