{"id":901653,"__str__":"Aut\u00f3grafos n\u00ba 10 de 2021","link_detail_backend":"/materia/901653","metadata":{},"numero":10,"ano":2021,"numero_protocolo":null,"data_apresentacao":"2021-08-16","tipo_apresentacao":"E","data_publicacao":null,"numero_origem_externa":"","ano_origem_externa":null,"data_origem_externa":null,"apelido":"","dias_prazo":null,"data_fim_prazo":null,"em_tramitacao":false,"polemica":false,"objeto":"","complementar":false,"ementa":"AUTORIZA A PREFEITURA A CELEBRAR CONV\u00caNIO COM O GOVERNO DO ESTADO DE S\u00c3O PAULO, POR MEIO DA SECRETARIA DE SEGURAN\u00c7A P\u00daBLICA, OBJETIVANDO A CESS\u00c3O DE SERVIDORES PARA PRESTAREM SERVI\u00c7OS JUNTO AOS \u00d3RG\u00c3OS DA POL\u00cdCIA CIVIL DE S\u00c3O PAULO NO MUNIC\u00cdPIO DE FERN\u00c3O, E D\u00c1 OUTRAS PROVID\u00caNCIAS.","indexacao":"","observacao":"","resultado":"","texto_original":null,"data_ultima_atualizacao":"2021-12-15T15:33:52.416868-03:00","ip":"189.90.100.135","ultima_edicao":"2021-08-17T13:16:46.159782-03:00","tipo":75,"regime_tramitacao":7,"tipo_origem_externa":null,"local_origem_externa":null,"user":42,"anexadas":[],"autores":[]}