{"id":901710,"__str__":"Indica\u00e7\u00f5es n\u00ba 73 de 2021","link_detail_backend":"/materia/901710","metadata":{},"numero":73,"ano":2021,"numero_protocolo":270,"data_apresentacao":"2021-11-11","tipo_apresentacao":"E","data_publicacao":null,"numero_origem_externa":"","ano_origem_externa":null,"data_origem_externa":null,"apelido":"","dias_prazo":null,"data_fim_prazo":null,"em_tramitacao":true,"polemica":false,"objeto":"","complementar":false,"ementa":"INDICA AO PREFEITO MUNICIPAL A CONVOCA\u00c7\u00c3O DO REPRESENTANTE LEGAL DA EMPRESA SABESP PARA REUNI\u00c3O COM O EXECUTIVO E O LEGISLATIVO, PARA TRATARMOS SOBRE A CONSTANTE FALTA DE \u00c1GUA NO BAIRRO JARDIM PRIMAVERA E OUTROS, BEM COMO A AN\u00c1LISE DA VIABILIDADE DE PROPOSITURA DE MEDIDA JUDICIAL CONTRA A SABESP VISANDO O T\u00c9RMINO DO NOVO PO\u00c7O INICIADO H\u00c1 ANOS.","indexacao":"","observacao":"","resultado":"","texto_original":"http://sapl.fernao.sp.leg.br/media/sapl/public/materialegislativa/2021/901710/indicacao_-_0732021.pdf","data_ultima_atualizacao":"2021-11-18T10:59:38.123027-03:00","ip":"189.90.100.135","ultima_edicao":"2021-11-18T10:59:37.999028-03:00","tipo":19,"regime_tramitacao":1,"tipo_origem_externa":null,"local_origem_externa":null,"user":42,"anexadas":[],"autores":[1097]}