{"id":901750,"__str__":"Projeto de Lei do Executivo n\u00ba 5 de 2022","link_detail_backend":"/materia/901750","metadata":{},"numero":5,"ano":2022,"numero_protocolo":7,"data_apresentacao":"2022-01-13","tipo_apresentacao":"E","data_publicacao":null,"numero_origem_externa":"","ano_origem_externa":null,"data_origem_externa":null,"apelido":"","dias_prazo":null,"data_fim_prazo":null,"em_tramitacao":false,"polemica":false,"objeto":"","complementar":false,"ementa":"DISP\u00d5E SOBRE A ALTERA\u00c7\u00c3O DO \u00a7 2\u00ba DO ARTIGO 1\u00ba DA LEI N\u00ba 700, DE 21 DE NOVEMBRO DE 2013, QUE INSTITUI O VALE ALIMENTA\u00c7\u00c3O NO MUNIC\u00cdPIO DE FERN\u00c3O E D\u00c1 OUTRAS PROVID\u00caNCIAS.","indexacao":"","observacao":"","resultado":"","texto_original":"http://sapl.fernao.sp.leg.br/media/sapl/public/materialegislativa/2022/901750/projeto_de_lei_executivo_05-2022.pdf","data_ultima_atualizacao":"2022-07-27T09:20:01.372512-03:00","ip":"189.90.100.135","ultima_edicao":"2022-07-27T09:20:01.197726-03:00","tipo":37,"regime_tramitacao":1015,"tipo_origem_externa":null,"local_origem_externa":null,"user":39,"anexadas":[901757,901758],"autores":[2187]}