{"id":901756,"__str__":"Projeto de Lei n\u00ba 3 de 2022","link_detail_backend":"/materia/901756","metadata":{},"numero":3,"ano":2022,"numero_protocolo":13,"data_apresentacao":"2022-01-14","tipo_apresentacao":"","data_publicacao":null,"numero_origem_externa":"","ano_origem_externa":null,"data_origem_externa":null,"apelido":"","dias_prazo":null,"data_fim_prazo":null,"em_tramitacao":true,"polemica":false,"objeto":"","complementar":false,"ementa":"DISP\u00d5E SOBRE ALTERA\u00c7\u00c3O DO \u00a7 3\u00ba ARTIGO 1\u00ba DA LEI 702, DE 06 DE DEZEMBRO DE 2013, QUE INSTITUI O VALE ALIMENTA\u00c7\u00c3O DOS SERVIDORES P\u00daBLICOS DA C\u00c2MARA  MUNICIPAL DE FERN\u00c3O E D\u00c1 OUTRAS PROVID\u00caNCIAS.","indexacao":"","observacao":"","resultado":"","texto_original":"http://sapl.fernao.sp.leg.br/media/sapl/public/materialegislativa/2022/901756/projeto_de_lei_0032022_mesa_da_camara.pdf","data_ultima_atualizacao":"2022-07-06T13:26:53.119284-03:00","ip":"189.90.100.135","ultima_edicao":"2022-01-17T21:13:56.169317-03:00","tipo":1,"regime_tramitacao":1015,"tipo_origem_externa":null,"local_origem_externa":null,"user":42,"anexadas":[901757,901759],"autores":[2188]}