{"id":902435,"__str__":"Indica\u00e7\u00f5es n\u00ba 45 de 2025","link_detail_backend":"/materia/902435","metadata":{"signs":{"texto_original":{"admin":[],"autores":[["Geronimo Rodrigues dos Santos",["2025-04-11T17:49:04-03:00","ICP-Brasil"]]]}}},"numero":45,"ano":2025,"numero_protocolo":167,"data_apresentacao":"2025-04-11","tipo_apresentacao":"E","data_publicacao":null,"numero_origem_externa":"","ano_origem_externa":null,"data_origem_externa":null,"apelido":"","dias_prazo":null,"data_fim_prazo":null,"em_tramitacao":false,"polemica":false,"objeto":"","complementar":false,"ementa":"SUGERINDO AO PREFEITO, A CRIA\u00c7\u00c3O DE PROGRAMA JOVEM APRENDIZ NO \u00c2MBITO DO MUNIC\u00cdPIO DE FERN\u00c3O.","indexacao":"","observacao":"","resultado":"","texto_original":"http://sapl.fernao.sp.leg.br/media/sapl/public/materialegislativa/2025/902435/indicacoes_no_45_de_2025.pdf","data_ultima_atualizacao":"2025-04-17T20:55:15.921493-03:00","ip":"189.90.100.135","ultima_edicao":"2025-04-11T17:49:50.649344-03:00","tipo":19,"regime_tramitacao":1,"tipo_origem_externa":null,"local_origem_externa":null,"user":42,"anexadas":[],"autores":[1097]}